{"id":35889401,"date":"2021-11-19T14:43:32","date_gmt":"2021-11-19T13:43:32","guid":{"rendered":"https:\/\/www.arketipomagazine.it\/en\/?p=35889401"},"modified":"2021-11-19T14:43:32","modified_gmt":"2021-11-19T13:43:32","slug":"casa-dpoco-heim-balp-architekten-cabo-verde","status":"publish","type":"post","link":"https:\/\/www.arketipomagazine.it\/en\/casa-dpoco-heim-balp-architekten-cabo-verde\/","title":{"rendered":"Casa d\u2019Po\u00e7o, Heim Balp Architekten, Cabo Verde"},"content":{"rendered":"<p class=\"p2\">Located in the historic district of Mindelo in Cabo Verde\u2019s S\u00e3o Vicente island, the <strong>Casa d\u2019Po\u00e7o<\/strong>, <strong>Heim Balp Architekten<\/strong>&#8216;s latest completion, reflects the Berlin-based practice\u2019s sensitivity to local cultures as a means to foster a sense of community through architecture. Through their signature use of the hybrid fa\u00e7ade, Heim Balp Architekten refer to both the aesthetics and the materials that characterize Cabo Verde\u2019s distinct cultural identity and natural assets, all-the-while conceiving a versatile space, at once public and private, bringing together the residential, the cultural, and hospitality.<\/p><div id=\"arket-2932916724\" class=\"arket-contenuto arket-entity-placement\" style=\"margin-top: 20px;margin-bottom: 20px;\"><div id=\"sas_67408\" align=\"center\"><\/div>\r\n<script type=\"application\/javascript\">\r\n    sas.cmd.push(function() {\r\n        sas.render(\"67408\");  \/\/ Formato : Injection 1x1 1x1\r\n    });\r\n<\/script><\/div>\n<p><a href=\"https:\/\/www.arketipomagazine.it\/wp-content\/uploads\/sites\/20\/2021\/11\/160_210416_Francesca-Iovene_-5.jpg\"><img loading=\"lazy\" decoding=\"async\" class=\"alignnone size-large wp-image-35889403\" src=\"https:\/\/www.arketipomagazine.it\/wp-content\/uploads\/sites\/20\/2021\/11\/160_210416_Francesca-Iovene_-5-682x1024.jpg\" alt=\"\" width=\"682\" height=\"1024\" srcset=\"https:\/\/static.tecnichenuove.it\/arketipomagazine\/2021\/11\/160_210416_Francesca-Iovene_-5-682x1024.jpg 682w, https:\/\/static.tecnichenuove.it\/arketipomagazine\/2021\/11\/160_210416_Francesca-Iovene_-5-200x300.jpg 200w, https:\/\/static.tecnichenuove.it\/arketipomagazine\/2021\/11\/160_210416_Francesca-Iovene_-5-768x1152.jpg 768w, https:\/\/static.tecnichenuove.it\/arketipomagazine\/2021\/11\/160_210416_Francesca-Iovene_-5-696x1044.jpg 696w, https:\/\/static.tecnichenuove.it\/arketipomagazine\/2021\/11\/160_210416_Francesca-Iovene_-5-280x420.jpg 280w, https:\/\/static.tecnichenuove.it\/arketipomagazine\/2021\/11\/160_210416_Francesca-Iovene_-5.jpg 933w\" sizes=\"auto, (max-width: 682px) 100vw, 682px\" \/><\/a><\/p>\n<p class=\"p2\">Intent on retaining a contextual essence, local cultures continuously guide the structural, material and aesthetic choices in Heim Balp\u2019s designs &#8211; an engagement perceptible in notable projects such as their Carrer de la Diputaci\u00f3 and de N\u00e0pols urban infills in Barcelona, nourished by the city\u2019s distinct architectural language, or their ongoing restoration of the relinquished Lindower Stra\u00dfe factory complex, a mirror onto Berlin\u2019s industrial past. At the Casa d\u2019Po\u00e7o, the fa\u00e7ade of the five-storey building acts as a reflection onto the archipelago\u2019s S\u00e3o Vicente and Santo Ant\u00e3o islands and their distinct cultural and environmental markers. A response to S\u00e3o Vicente\u2019s notable stone-dominated architecture, the street-facing side is clad with three-dimensional wooden shades as a warmer, more welcoming alternative, one in touch with the island\u2019s reputation as the beating heart of the annual Carnival. The hybrid panels, made of Mahogany wood, provide shaded protection from the sun and heat.<\/p>\n<p><a href=\"https:\/\/www.arketipomagazine.it\/wp-content\/uploads\/sites\/20\/2021\/11\/160_210418_HBA-5.jpg\"><img loading=\"lazy\" decoding=\"async\" class=\"alignnone size-large wp-image-35889404\" src=\"https:\/\/www.arketipomagazine.it\/wp-content\/uploads\/sites\/20\/2021\/11\/160_210418_HBA-5-1024x682.jpg\" alt=\"\" width=\"696\" height=\"464\" srcset=\"https:\/\/static.tecnichenuove.it\/arketipomagazine\/2021\/11\/160_210418_HBA-5-1024x682.jpg 1024w, https:\/\/static.tecnichenuove.it\/arketipomagazine\/2021\/11\/160_210418_HBA-5-300x200.jpg 300w, https:\/\/static.tecnichenuove.it\/arketipomagazine\/2021\/11\/160_210418_HBA-5-150x100.jpg 150w, https:\/\/static.tecnichenuove.it\/arketipomagazine\/2021\/11\/160_210418_HBA-5-768x512.jpg 768w, https:\/\/static.tecnichenuove.it\/arketipomagazine\/2021\/11\/160_210418_HBA-5-696x464.jpg 696w, https:\/\/static.tecnichenuove.it\/arketipomagazine\/2021\/11\/160_210418_HBA-5-1068x712.jpg 1068w, https:\/\/static.tecnichenuove.it\/arketipomagazine\/2021\/11\/160_210418_HBA-5-630x420.jpg 630w, https:\/\/static.tecnichenuove.it\/arketipomagazine\/2021\/11\/160_210418_HBA-5.jpg 1400w\" sizes=\"auto, (max-width: 696px) 100vw, 696px\" \/><\/a><\/p>\n<p class=\"p2\">Alternatively open and shut, a musicality emanates from the vertical shutters as they become the shifting background and scenery of the Carnival, echoing the constantly changing and vivacious costumes of the performers that inhabit the streets. The rear fa\u00e7ade, fixed with cascading terraces, opening up the courtyard below, calls to the farming landscape of the neighboring Santo Ant\u00e3o island and its galloping mountains. Endowed with an abounding nature, the result of a humid climate that opposes that of S\u00e3o Vicente, the island\u2019s hills are punctuated with overlaying plateaus, forming basins that collect water from the heavy rains. In a refreshing homage to this system, the Casa d\u2019Po\u00e7o\u2019s interior terraces hold overflowing pots of whispering wheat and maize; flood-like rainfall pours down onto these balconies and the courtyard nestled in the garden. Collected in a cistern, the water is also used to grow plants in drier seasons.<\/p>\n<p><a href=\"https:\/\/www.arketipomagazine.it\/wp-content\/uploads\/sites\/20\/2021\/11\/160_210418_HBA-7.jpg\"><img loading=\"lazy\" decoding=\"async\" class=\"alignnone size-large wp-image-35889405\" src=\"https:\/\/www.arketipomagazine.it\/wp-content\/uploads\/sites\/20\/2021\/11\/160_210418_HBA-7-682x1024.jpg\" alt=\"\" width=\"682\" height=\"1024\" srcset=\"https:\/\/static.tecnichenuove.it\/arketipomagazine\/2021\/11\/160_210418_HBA-7-682x1024.jpg 682w, https:\/\/static.tecnichenuove.it\/arketipomagazine\/2021\/11\/160_210418_HBA-7-200x300.jpg 200w, https:\/\/static.tecnichenuove.it\/arketipomagazine\/2021\/11\/160_210418_HBA-7-768x1152.jpg 768w, https:\/\/static.tecnichenuove.it\/arketipomagazine\/2021\/11\/160_210418_HBA-7-696x1044.jpg 696w, https:\/\/static.tecnichenuove.it\/arketipomagazine\/2021\/11\/160_210418_HBA-7-280x420.jpg 280w, https:\/\/static.tecnichenuove.it\/arketipomagazine\/2021\/11\/160_210418_HBA-7.jpg 933w\" sizes=\"auto, (max-width: 682px) 100vw, 682px\" \/><\/a><\/p>\n<p class=\"p2\">Bringing together S\u00e3o Vicente\u2019s urban touch and Santo Ant\u00e3o\u2019s greenery, the design furthers its dialogue with Cabo Verde\u2019s cultural and natural traits through other structural choices. The island\u2019s imposing sun grows into a valuable resource as it illuminates the solar panels laid across the flat roof and which power the space. The windowless vertical tower at the side of the building, which encloses the stairs connecting the five floors, is set in plaster, an inexpensive and common material on the island. As it enters from the bottom entrance, wind is channeled upwards through it and used to refresh the various floors before exiting at the seam &#8211; another recurring practice in Cabo Verdean structures.<br \/>\nReflecting this structural hybridity, the building\u2019s function is widely versatile, bringing together cultural, residential and hospitality spaces. While the bottom floor houses a gallery space, open to local cultural events, the upper floors welcome a diversity of inhabitants, permanent residents and temporary travelers alike. Coming together in the interior courtyard, where a communal exterior kitchen and long benches are towered by the lush balconies, all occupants gather in this sheltered space, tucked away from the street, yet deeply connected to it. At the Casa d\u2019Po\u00e7o, public and private communicate as do nature and culture, all hailing their profound Cabo Verdean identity as cultivating a profound sense of community.<\/p>\n\n                <style type=\"text\/css\">\n                    \n                    #td_uid_1_69f223f2bf048  .td-doubleSlider-2 .td-item1 {\n                        background: url(https:\/\/static.tecnichenuove.it\/arketipomagazine\/2021\/11\/160_210416_Francesca-Iovene_-4-80x60.jpg) 0 0 no-repeat;\n                    }\n                    #td_uid_1_69f223f2bf048  .td-doubleSlider-2 .td-item2 {\n                        background: url(https:\/\/static.tecnichenuove.it\/arketipomagazine\/2021\/11\/160_210416_Francesca-Iovene_-6-80x60.jpg) 0 0 no-repeat;\n                    }\n                    #td_uid_1_69f223f2bf048  .td-doubleSlider-2 .td-item3 {\n                        background: url(https:\/\/static.tecnichenuove.it\/arketipomagazine\/2021\/11\/160_210416_Francesca-Iovene_-8-80x60.jpg) 0 0 no-repeat;\n                    }\n                    #td_uid_1_69f223f2bf048  .td-doubleSlider-2 .td-item4 {\n                        background: url(https:\/\/static.tecnichenuove.it\/arketipomagazine\/2021\/11\/160_210418_HBA-1-80x60.jpg) 0 0 no-repeat;\n                    }\n                    #td_uid_1_69f223f2bf048  .td-doubleSlider-2 .td-item5 {\n                        background: url(https:\/\/static.tecnichenuove.it\/arketipomagazine\/2021\/11\/160_210418_HBA-11-80x60.jpg) 0 0 no-repeat;\n                    }\n                <\/style>\n\n                <div id=\"td_uid_1_69f223f2bf048\" class=\"td-gallery td-slide-on-2-columns\">\n                    <div class=\"post_td_gallery\">\n                        <div class=\"td-gallery-slide-top\">\n                           <div class=\"td-gallery-title\"><\/div>\n\n                            <div class=\"td-gallery-controls-wrapper\">\n                                <div class=\"td-gallery-slide-count\"><span class=\"td-gallery-slide-item-focus\">1<\/span> of 5<\/div>\n                                <div class=\"td-gallery-slide-prev-next-but\">\n                                    <i class = \"td-icon-left doubleSliderPrevButton\"><\/i>\n                                    <i class = \"td-icon-right doubleSliderNextButton\"><\/i>\n                                <\/div>\n                            <\/div>\n                        <\/div>\n\n                        <div class = \"td-doubleSlider-1 \">\n                            <div class = \"td-slider\">\n                                \n                    <div class = \"td-slide-item td-item1\">\n                        <figure class=\"td-slide-galery-figure td-slide-popup-gallery\">\n                            <a class=\"slide-gallery-image-link\" href=\"https:\/\/static.tecnichenuove.it\/arketipomagazine\/2021\/11\/160_210416_Francesca-Iovene_-4.jpg\" title=\"160_210416_Francesca Iovene_ (4)\"  data-caption=\"\"  data-description=\"\">\n                                <img decoding=\"async\" src=\"https:\/\/static.tecnichenuove.it\/arketipomagazine\/2021\/11\/160_210416_Francesca-Iovene_-4-280x420.jpg\" srcset=\"https:\/\/static.tecnichenuove.it\/arketipomagazine\/2021\/11\/160_210416_Francesca-Iovene_-4-280x420.jpg 280w, https:\/\/static.tecnichenuove.it\/arketipomagazine\/2021\/11\/160_210416_Francesca-Iovene_-4-200x300.jpg 200w, https:\/\/static.tecnichenuove.it\/arketipomagazine\/2021\/11\/160_210416_Francesca-Iovene_-4-682x1024.jpg 682w, https:\/\/static.tecnichenuove.it\/arketipomagazine\/2021\/11\/160_210416_Francesca-Iovene_-4-768x1152.jpg 768w, https:\/\/static.tecnichenuove.it\/arketipomagazine\/2021\/11\/160_210416_Francesca-Iovene_-4-696x1044.jpg 696w, https:\/\/static.tecnichenuove.it\/arketipomagazine\/2021\/11\/160_210416_Francesca-Iovene_-4.jpg 933w\" sizes=\"(max-width: 280px) 100vw, 280px\" alt=\"\">\n                            <\/a>\n                            \n                        <\/figure>\n                    <\/div>\n                    <div class = \"td-slide-item td-item2\">\n                        <figure class=\"td-slide-galery-figure td-slide-popup-gallery\">\n                            <a class=\"slide-gallery-image-link\" href=\"https:\/\/static.tecnichenuove.it\/arketipomagazine\/2021\/11\/160_210416_Francesca-Iovene_-6.jpg\" title=\"160_210416_Francesca Iovene_ (6)\"  data-caption=\"\"  data-description=\"\">\n                                <img decoding=\"async\" src=\"https:\/\/static.tecnichenuove.it\/arketipomagazine\/2021\/11\/160_210416_Francesca-Iovene_-6-280x420.jpg\" srcset=\"https:\/\/static.tecnichenuove.it\/arketipomagazine\/2021\/11\/160_210416_Francesca-Iovene_-6-280x420.jpg 280w, https:\/\/static.tecnichenuove.it\/arketipomagazine\/2021\/11\/160_210416_Francesca-Iovene_-6-200x300.jpg 200w, https:\/\/static.tecnichenuove.it\/arketipomagazine\/2021\/11\/160_210416_Francesca-Iovene_-6-682x1024.jpg 682w, https:\/\/static.tecnichenuove.it\/arketipomagazine\/2021\/11\/160_210416_Francesca-Iovene_-6-768x1152.jpg 768w, https:\/\/static.tecnichenuove.it\/arketipomagazine\/2021\/11\/160_210416_Francesca-Iovene_-6-696x1044.jpg 696w, https:\/\/static.tecnichenuove.it\/arketipomagazine\/2021\/11\/160_210416_Francesca-Iovene_-6.jpg 933w\" sizes=\"(max-width: 280px) 100vw, 280px\" alt=\"\">\n                            <\/a>\n                            \n                        <\/figure>\n                    <\/div>\n                    <div class = \"td-slide-item td-item3\">\n                        <figure class=\"td-slide-galery-figure td-slide-popup-gallery\">\n                            <a class=\"slide-gallery-image-link\" href=\"https:\/\/static.tecnichenuove.it\/arketipomagazine\/2021\/11\/160_210416_Francesca-Iovene_-8.jpg\" title=\"160_210416_Francesca Iovene_ (8)\"  data-caption=\"\"  data-description=\"\">\n                                <img decoding=\"async\" src=\"https:\/\/static.tecnichenuove.it\/arketipomagazine\/2021\/11\/160_210416_Francesca-Iovene_-8-280x420.jpg\" srcset=\"https:\/\/static.tecnichenuove.it\/arketipomagazine\/2021\/11\/160_210416_Francesca-Iovene_-8-280x420.jpg 280w, https:\/\/static.tecnichenuove.it\/arketipomagazine\/2021\/11\/160_210416_Francesca-Iovene_-8-200x300.jpg 200w, https:\/\/static.tecnichenuove.it\/arketipomagazine\/2021\/11\/160_210416_Francesca-Iovene_-8-682x1024.jpg 682w, https:\/\/static.tecnichenuove.it\/arketipomagazine\/2021\/11\/160_210416_Francesca-Iovene_-8-768x1152.jpg 768w, https:\/\/static.tecnichenuove.it\/arketipomagazine\/2021\/11\/160_210416_Francesca-Iovene_-8-696x1044.jpg 696w, https:\/\/static.tecnichenuove.it\/arketipomagazine\/2021\/11\/160_210416_Francesca-Iovene_-8.jpg 933w\" sizes=\"(max-width: 280px) 100vw, 280px\" alt=\"\">\n                            <\/a>\n                            \n                        <\/figure>\n                    <\/div>\n                    <div class = \"td-slide-item td-item4\">\n                        <figure class=\"td-slide-galery-figure td-slide-popup-gallery\">\n                            <a class=\"slide-gallery-image-link\" href=\"https:\/\/static.tecnichenuove.it\/arketipomagazine\/2021\/11\/160_210418_HBA-1.jpg\" title=\"160_210418_HBA (1)\"  data-caption=\"\"  data-description=\"\">\n                                <img decoding=\"async\" src=\"https:\/\/static.tecnichenuove.it\/arketipomagazine\/2021\/11\/160_210418_HBA-1-280x420.jpg\" srcset=\"https:\/\/static.tecnichenuove.it\/arketipomagazine\/2021\/11\/160_210418_HBA-1-280x420.jpg 280w, https:\/\/static.tecnichenuove.it\/arketipomagazine\/2021\/11\/160_210418_HBA-1-200x300.jpg 200w, https:\/\/static.tecnichenuove.it\/arketipomagazine\/2021\/11\/160_210418_HBA-1-682x1024.jpg 682w, https:\/\/static.tecnichenuove.it\/arketipomagazine\/2021\/11\/160_210418_HBA-1-768x1152.jpg 768w, https:\/\/static.tecnichenuove.it\/arketipomagazine\/2021\/11\/160_210418_HBA-1-696x1044.jpg 696w, https:\/\/static.tecnichenuove.it\/arketipomagazine\/2021\/11\/160_210418_HBA-1.jpg 933w\" sizes=\"(max-width: 280px) 100vw, 280px\" alt=\"\">\n                            <\/a>\n                            \n                        <\/figure>\n                    <\/div>\n                    <div class = \"td-slide-item td-item5\">\n                        <figure class=\"td-slide-galery-figure td-slide-popup-gallery\">\n                            <a class=\"slide-gallery-image-link\" href=\"https:\/\/static.tecnichenuove.it\/arketipomagazine\/2021\/11\/160_210418_HBA-11.jpg\" title=\"160_210418_HBA (11)\"  data-caption=\"\"  data-description=\"\">\n                                <img decoding=\"async\" src=\"https:\/\/static.tecnichenuove.it\/arketipomagazine\/2021\/11\/160_210418_HBA-11-630x420.jpg\" srcset=\"https:\/\/static.tecnichenuove.it\/arketipomagazine\/2021\/11\/160_210418_HBA-11-630x420.jpg 630w, https:\/\/static.tecnichenuove.it\/arketipomagazine\/2021\/11\/160_210418_HBA-11-300x200.jpg 300w, https:\/\/static.tecnichenuove.it\/arketipomagazine\/2021\/11\/160_210418_HBA-11-1024x682.jpg 1024w, https:\/\/static.tecnichenuove.it\/arketipomagazine\/2021\/11\/160_210418_HBA-11-150x100.jpg 150w, https:\/\/static.tecnichenuove.it\/arketipomagazine\/2021\/11\/160_210418_HBA-11-768x512.jpg 768w, https:\/\/static.tecnichenuove.it\/arketipomagazine\/2021\/11\/160_210418_HBA-11-696x464.jpg 696w, https:\/\/static.tecnichenuove.it\/arketipomagazine\/2021\/11\/160_210418_HBA-11-1068x712.jpg 1068w, https:\/\/static.tecnichenuove.it\/arketipomagazine\/2021\/11\/160_210418_HBA-11.jpg 1400w\" sizes=\"(max-width: 630px) 100vw, 630px\" alt=\"\">\n                            <\/a>\n                            \n                        <\/figure>\n                    <\/div>\n                            <\/div>\n                        <\/div>\n\n                        <div class = \"td-doubleSlider-2\">\n                            <div class = \"td-slider\">\n                                \n                    <div class = \"td-button td-item1\">\n                        <div class = \"td-border\"><\/div>\n                    <\/div>\n                    <div class = \"td-button td-item2\">\n                        <div class = \"td-border\"><\/div>\n                    <\/div>\n                    <div class = \"td-button td-item3\">\n                        <div class = \"td-border\"><\/div>\n                    <\/div>\n                    <div class = \"td-button td-item4\">\n                        <div class = \"td-border\"><\/div>\n                    <\/div>\n                    <div class = \"td-button td-item5\">\n                        <div class = \"td-border\"><\/div>\n                    <\/div>\n                            <\/div>\n                        <\/div>\n\n                    <\/div>\n\n                <\/div>\n                \n<p class=\"p2\">Describing the project, Heim Balp Architekten co-founding architect <strong>Michael Heim<\/strong> explains: \u201c<em>Both in its aesthetics and in its function, the Casa d\u2019Po\u00e7o is rooted in the context which surrounds it &#8211; a widely versatile climate; a bountiful nature; a vibrant culture; all in all, a land blessed with an endless wealth. By referencing and building on these assets, the design not only celebrates, but also (re)connects locals and visitors with Cabo Verde\u2019s nature and culture, with its identity, ultimately fostering a deep-seated sense of belonging, pride, and community<\/em>\u201d.<\/p>\n<figure id=\"attachment_35889402\" aria-describedby=\"caption-attachment-35889402\" style=\"width: 933px\" class=\"wp-caption aligncenter\"><img loading=\"lazy\" decoding=\"async\" class=\"size-full wp-image-35889402\" src=\"https:\/\/www.arketipomagazine.it\/wp-content\/uploads\/sites\/20\/2021\/11\/160_210416_Francesca-Iovene_-2.jpg\" alt=\"\" width=\"933\" height=\"1400\" srcset=\"https:\/\/static.tecnichenuove.it\/arketipomagazine\/2021\/11\/160_210416_Francesca-Iovene_-2.jpg 933w, https:\/\/static.tecnichenuove.it\/arketipomagazine\/2021\/11\/160_210416_Francesca-Iovene_-2-200x300.jpg 200w, https:\/\/static.tecnichenuove.it\/arketipomagazine\/2021\/11\/160_210416_Francesca-Iovene_-2-682x1024.jpg 682w, https:\/\/static.tecnichenuove.it\/arketipomagazine\/2021\/11\/160_210416_Francesca-Iovene_-2-768x1152.jpg 768w, https:\/\/static.tecnichenuove.it\/arketipomagazine\/2021\/11\/160_210416_Francesca-Iovene_-2-696x1044.jpg 696w, https:\/\/static.tecnichenuove.it\/arketipomagazine\/2021\/11\/160_210416_Francesca-Iovene_-2-280x420.jpg 280w\" sizes=\"auto, (max-width: 933px) 100vw, 933px\" \/><figcaption id=\"caption-attachment-35889402\" class=\"wp-caption-text\">\u00a9Francesca Iovene<\/figcaption><\/figure>\n<p class=\"p2\"><strong>Project Sheets<\/strong><br \/>\nProject: Casa d\u2019Po\u00e7o<br \/>\nLocation: Rua Lopes da Silva Guine-Bissau, Mindelo, Cabo Verde (S\u00e3o Vicente)<br \/>\nCompletion Date: 2021<br \/>\nType: Mixed-use (residential; cultural; hospitality)<br \/>\nArea: 580 m<span class=\"s2\">q<br \/>\n<\/span>Project Team: Michael Heim, Pietro Balp, Lia Janela, Matteo Rossi, Lisa Desager.<\/p>\n<p class=\"p4\">\n","protected":false},"excerpt":{"rendered":"<p>Located in the historic district of Mindelo in Cabo Verde\u2019s S\u00e3o Vicente island, the Casa d\u2019Po\u00e7o, Heim Balp Architekten&#8216;s latest completion, reflects the Berlin-based practice\u2019s sensitivity to local cultures as a means to foster a sense of community through architecture. Through their signature use of the hybrid fa\u00e7ade, Heim Balp Architekten refer to both the<\/p>\n","protected":false},"author":807,"featured_media":35889410,"comment_status":"open","ping_status":"closed","sticky":false,"template":"","format":"standard","meta":{"footnotes":""},"categories":[39],"tags":[24604,24602,24603,24605],"contenuto-extra":[],"class_list":["post-35889401","post","type-post","status-publish","format-standard","has-post-thumbnail","hentry","category-projects","tag-cabo-verde","tag-casa-dpoco","tag-heim-balp-architekten","tag-michael-heim"],"yoast_head":"<!-- This site is optimized with the Yoast SEO plugin v27.5 - https:\/\/yoast.com\/product\/yoast-seo-wordpress\/ -->\n<title>Casa d\u2019Po\u00e7o, Heim Balp Architekten, Cabo Verde | Arketipo<\/title>\n<meta name=\"description\" content=\"The Casa d\u2019Po\u00e7o echoes Cabo Verde\u2019s distinct cultural and natural markers as Berlin-based architects and urban thinkers Heim Balp Architekten...\" \/>\n<meta name=\"robots\" content=\"index, follow, max-snippet:-1, max-image-preview:large, max-video-preview:-1\" \/>\n<link rel=\"canonical\" href=\"https:\/\/www.arketipomagazine.it\/en\/casa-dpoco-heim-balp-architekten-cabo-verde\/\" \/>\n<meta property=\"og:locale\" content=\"en_US\" \/>\n<meta property=\"og:type\" content=\"article\" \/>\n<meta property=\"og:title\" content=\"Casa d\u2019Po\u00e7o, Heim Balp Architekten, Cabo Verde | Arketipo\" \/>\n<meta property=\"og:description\" content=\"The Casa d\u2019Po\u00e7o echoes Cabo Verde\u2019s distinct cultural and natural markers as Berlin-based architects and urban thinkers Heim Balp Architekten...\" \/>\n<meta property=\"og:url\" content=\"https:\/\/www.arketipomagazine.it\/en\/casa-dpoco-heim-balp-architekten-cabo-verde\/\" \/>\n<meta property=\"og:site_name\" content=\"Arketipo\" \/>\n<meta property=\"article:publisher\" content=\"https:\/\/www.facebook.com\/pages\/Arketipo-Magazine\/276056037507\" \/>\n<meta property=\"article:published_time\" content=\"2021-11-19T13:43:32+00:00\" \/>\n<meta property=\"og:image\" content=\"https:\/\/static.tecnichenuove.it\/arketipomagazine\/2021\/11\/160_210418_HBA-11.jpg\" \/>\n\t<meta property=\"og:image:width\" content=\"1400\" \/>\n\t<meta property=\"og:image:height\" content=\"933\" \/>\n\t<meta property=\"og:image:type\" content=\"image\/jpeg\" \/>\n<meta name=\"author\" content=\"Chiara Scalco\" \/>\n<meta name=\"twitter:card\" content=\"summary_large_image\" \/>\n<meta name=\"twitter:creator\" content=\"@ArketipoMag\" \/>\n<meta name=\"twitter:site\" content=\"@ArketipoMag\" \/>\n<meta name=\"twitter:label1\" content=\"Written by\" \/>\n\t<meta name=\"twitter:data1\" content=\"Chiara Scalco\" \/>\n\t<meta name=\"twitter:label2\" content=\"Est. reading time\" \/>\n\t<meta name=\"twitter:data2\" content=\"4 minutes\" \/>\n<script type=\"application\/ld+json\" class=\"yoast-schema-graph\">{\"@context\":\"https:\\\/\\\/schema.org\",\"@graph\":[{\"@type\":\"Article\",\"@id\":\"https:\\\/\\\/www.arketipomagazine.it\\\/en\\\/casa-dpoco-heim-balp-architekten-cabo-verde\\\/#article\",\"isPartOf\":{\"@id\":\"https:\\\/\\\/www.arketipomagazine.it\\\/en\\\/casa-dpoco-heim-balp-architekten-cabo-verde\\\/\"},\"author\":{\"name\":\"Chiara Scalco\",\"@id\":\"https:\\\/\\\/www.arketipomagazine.it\\\/#\\\/schema\\\/person\\\/b9da7d735da19f022b20f015475756d8\"},\"headline\":\"Casa d\u2019Po\u00e7o, Heim Balp Architekten, Cabo Verde\",\"datePublished\":\"2021-11-19T13:43:32+00:00\",\"mainEntityOfPage\":{\"@id\":\"https:\\\/\\\/www.arketipomagazine.it\\\/en\\\/casa-dpoco-heim-balp-architekten-cabo-verde\\\/\"},\"wordCount\":797,\"commentCount\":0,\"image\":{\"@id\":\"https:\\\/\\\/www.arketipomagazine.it\\\/en\\\/casa-dpoco-heim-balp-architekten-cabo-verde\\\/#primaryimage\"},\"thumbnailUrl\":\"https:\\\/\\\/static.tecnichenuove.it\\\/arketipomagazine\\\/2021\\\/11\\\/160_210418_HBA-11.jpg\",\"keywords\":[\"Cabo Verde\",\"Casa d\u2019Po\u00e7o\",\"Heim Balp Architekten\",\"Michael Heim\"],\"articleSection\":[\"Projects\"],\"inLanguage\":\"en-US\",\"potentialAction\":[{\"@type\":\"CommentAction\",\"name\":\"Comment\",\"target\":[\"https:\\\/\\\/www.arketipomagazine.it\\\/en\\\/casa-dpoco-heim-balp-architekten-cabo-verde\\\/#respond\"]}]},{\"@type\":\"WebPage\",\"@id\":\"https:\\\/\\\/www.arketipomagazine.it\\\/en\\\/casa-dpoco-heim-balp-architekten-cabo-verde\\\/\",\"url\":\"https:\\\/\\\/www.arketipomagazine.it\\\/en\\\/casa-dpoco-heim-balp-architekten-cabo-verde\\\/\",\"name\":\"Casa d\u2019Po\u00e7o, Heim Balp Architekten, Cabo Verde | Arketipo\",\"isPartOf\":{\"@id\":\"https:\\\/\\\/www.arketipomagazine.it\\\/#website\"},\"primaryImageOfPage\":{\"@id\":\"https:\\\/\\\/www.arketipomagazine.it\\\/en\\\/casa-dpoco-heim-balp-architekten-cabo-verde\\\/#primaryimage\"},\"image\":{\"@id\":\"https:\\\/\\\/www.arketipomagazine.it\\\/en\\\/casa-dpoco-heim-balp-architekten-cabo-verde\\\/#primaryimage\"},\"thumbnailUrl\":\"https:\\\/\\\/static.tecnichenuove.it\\\/arketipomagazine\\\/2021\\\/11\\\/160_210418_HBA-11.jpg\",\"datePublished\":\"2021-11-19T13:43:32+00:00\",\"author\":{\"@id\":\"https:\\\/\\\/www.arketipomagazine.it\\\/#\\\/schema\\\/person\\\/b9da7d735da19f022b20f015475756d8\"},\"description\":\"The Casa d\u2019Po\u00e7o echoes Cabo Verde\u2019s distinct cultural and natural markers as Berlin-based architects and urban thinkers Heim Balp Architekten...\",\"breadcrumb\":{\"@id\":\"https:\\\/\\\/www.arketipomagazine.it\\\/en\\\/casa-dpoco-heim-balp-architekten-cabo-verde\\\/#breadcrumb\"},\"inLanguage\":\"en-US\",\"potentialAction\":[{\"@type\":\"ReadAction\",\"target\":[\"https:\\\/\\\/www.arketipomagazine.it\\\/en\\\/casa-dpoco-heim-balp-architekten-cabo-verde\\\/\"]}]},{\"@type\":\"ImageObject\",\"inLanguage\":\"en-US\",\"@id\":\"https:\\\/\\\/www.arketipomagazine.it\\\/en\\\/casa-dpoco-heim-balp-architekten-cabo-verde\\\/#primaryimage\",\"url\":\"https:\\\/\\\/static.tecnichenuove.it\\\/arketipomagazine\\\/2021\\\/11\\\/160_210418_HBA-11.jpg\",\"contentUrl\":\"https:\\\/\\\/static.tecnichenuove.it\\\/arketipomagazine\\\/2021\\\/11\\\/160_210418_HBA-11.jpg\",\"width\":1400,\"height\":933},{\"@type\":\"BreadcrumbList\",\"@id\":\"https:\\\/\\\/www.arketipomagazine.it\\\/en\\\/casa-dpoco-heim-balp-architekten-cabo-verde\\\/#breadcrumb\",\"itemListElement\":[{\"@type\":\"ListItem\",\"position\":1,\"name\":\"Home\",\"item\":\"https:\\\/\\\/www.arketipomagazine.it\\\/en\\\/\"},{\"@type\":\"ListItem\",\"position\":2,\"name\":\"Projects\",\"item\":\"https:\\\/\\\/www.arketipomagazine.it\\\/en\\\/category\\\/projects\\\/\"},{\"@type\":\"ListItem\",\"position\":3,\"name\":\"Casa d\u2019Po\u00e7o, Heim Balp Architekten, Cabo Verde\"}]},{\"@type\":\"WebSite\",\"@id\":\"https:\\\/\\\/www.arketipomagazine.it\\\/#website\",\"url\":\"https:\\\/\\\/www.arketipomagazine.it\\\/\",\"name\":\"Arketipo\",\"description\":\"Architecture and Engineering International Magazine\",\"potentialAction\":[{\"@type\":\"SearchAction\",\"target\":{\"@type\":\"EntryPoint\",\"urlTemplate\":\"https:\\\/\\\/www.arketipomagazine.it\\\/?s={search_term_string}\"},\"query-input\":{\"@type\":\"PropertyValueSpecification\",\"valueRequired\":true,\"valueName\":\"search_term_string\"}}],\"inLanguage\":\"en-US\"},{\"@type\":\"Person\",\"@id\":\"https:\\\/\\\/www.arketipomagazine.it\\\/#\\\/schema\\\/person\\\/b9da7d735da19f022b20f015475756d8\",\"name\":\"Chiara Scalco\",\"image\":{\"@type\":\"ImageObject\",\"inLanguage\":\"en-US\",\"@id\":\"https:\\\/\\\/secure.gravatar.com\\\/avatar\\\/4996622122901d2b076f712417c9ca592a764d9f08567847a4f2c06e2e0e8bd0?s=96&d=mm&r=g\",\"url\":\"https:\\\/\\\/secure.gravatar.com\\\/avatar\\\/4996622122901d2b076f712417c9ca592a764d9f08567847a4f2c06e2e0e8bd0?s=96&d=mm&r=g\",\"contentUrl\":\"https:\\\/\\\/secure.gravatar.com\\\/avatar\\\/4996622122901d2b076f712417c9ca592a764d9f08567847a4f2c06e2e0e8bd0?s=96&d=mm&r=g\",\"caption\":\"Chiara Scalco\"},\"url\":\"https:\\\/\\\/www.arketipomagazine.it\\\/en\\\/author\\\/cscalco\\\/\"}]}<\/script>\n<!-- \/ Yoast SEO plugin. -->","yoast_head_json":{"title":"Casa d\u2019Po\u00e7o, Heim Balp Architekten, Cabo Verde | Arketipo","description":"The Casa d\u2019Po\u00e7o echoes Cabo Verde\u2019s distinct cultural and natural markers as Berlin-based architects and urban thinkers Heim Balp Architekten...","robots":{"index":"index","follow":"follow","max-snippet":"max-snippet:-1","max-image-preview":"max-image-preview:large","max-video-preview":"max-video-preview:-1"},"canonical":"https:\/\/www.arketipomagazine.it\/en\/casa-dpoco-heim-balp-architekten-cabo-verde\/","og_locale":"en_US","og_type":"article","og_title":"Casa d\u2019Po\u00e7o, Heim Balp Architekten, Cabo Verde | Arketipo","og_description":"The Casa d\u2019Po\u00e7o echoes Cabo Verde\u2019s distinct cultural and natural markers as Berlin-based architects and urban thinkers Heim Balp Architekten...","og_url":"https:\/\/www.arketipomagazine.it\/en\/casa-dpoco-heim-balp-architekten-cabo-verde\/","og_site_name":"Arketipo","article_publisher":"https:\/\/www.facebook.com\/pages\/Arketipo-Magazine\/276056037507","article_published_time":"2021-11-19T13:43:32+00:00","og_image":[{"width":1400,"height":933,"url":"https:\/\/static.tecnichenuove.it\/arketipomagazine\/2021\/11\/160_210418_HBA-11.jpg","type":"image\/jpeg"}],"author":"Chiara Scalco","twitter_card":"summary_large_image","twitter_creator":"@ArketipoMag","twitter_site":"@ArketipoMag","twitter_misc":{"Written by":"Chiara Scalco","Est. reading time":"4 minutes"},"schema":{"@context":"https:\/\/schema.org","@graph":[{"@type":"Article","@id":"https:\/\/www.arketipomagazine.it\/en\/casa-dpoco-heim-balp-architekten-cabo-verde\/#article","isPartOf":{"@id":"https:\/\/www.arketipomagazine.it\/en\/casa-dpoco-heim-balp-architekten-cabo-verde\/"},"author":{"name":"Chiara Scalco","@id":"https:\/\/www.arketipomagazine.it\/#\/schema\/person\/b9da7d735da19f022b20f015475756d8"},"headline":"Casa d\u2019Po\u00e7o, Heim Balp Architekten, Cabo Verde","datePublished":"2021-11-19T13:43:32+00:00","mainEntityOfPage":{"@id":"https:\/\/www.arketipomagazine.it\/en\/casa-dpoco-heim-balp-architekten-cabo-verde\/"},"wordCount":797,"commentCount":0,"image":{"@id":"https:\/\/www.arketipomagazine.it\/en\/casa-dpoco-heim-balp-architekten-cabo-verde\/#primaryimage"},"thumbnailUrl":"https:\/\/static.tecnichenuove.it\/arketipomagazine\/2021\/11\/160_210418_HBA-11.jpg","keywords":["Cabo Verde","Casa d\u2019Po\u00e7o","Heim Balp Architekten","Michael Heim"],"articleSection":["Projects"],"inLanguage":"en-US","potentialAction":[{"@type":"CommentAction","name":"Comment","target":["https:\/\/www.arketipomagazine.it\/en\/casa-dpoco-heim-balp-architekten-cabo-verde\/#respond"]}]},{"@type":"WebPage","@id":"https:\/\/www.arketipomagazine.it\/en\/casa-dpoco-heim-balp-architekten-cabo-verde\/","url":"https:\/\/www.arketipomagazine.it\/en\/casa-dpoco-heim-balp-architekten-cabo-verde\/","name":"Casa d\u2019Po\u00e7o, Heim Balp Architekten, Cabo Verde | Arketipo","isPartOf":{"@id":"https:\/\/www.arketipomagazine.it\/#website"},"primaryImageOfPage":{"@id":"https:\/\/www.arketipomagazine.it\/en\/casa-dpoco-heim-balp-architekten-cabo-verde\/#primaryimage"},"image":{"@id":"https:\/\/www.arketipomagazine.it\/en\/casa-dpoco-heim-balp-architekten-cabo-verde\/#primaryimage"},"thumbnailUrl":"https:\/\/static.tecnichenuove.it\/arketipomagazine\/2021\/11\/160_210418_HBA-11.jpg","datePublished":"2021-11-19T13:43:32+00:00","author":{"@id":"https:\/\/www.arketipomagazine.it\/#\/schema\/person\/b9da7d735da19f022b20f015475756d8"},"description":"The Casa d\u2019Po\u00e7o echoes Cabo Verde\u2019s distinct cultural and natural markers as Berlin-based architects and urban thinkers Heim Balp Architekten...","breadcrumb":{"@id":"https:\/\/www.arketipomagazine.it\/en\/casa-dpoco-heim-balp-architekten-cabo-verde\/#breadcrumb"},"inLanguage":"en-US","potentialAction":[{"@type":"ReadAction","target":["https:\/\/www.arketipomagazine.it\/en\/casa-dpoco-heim-balp-architekten-cabo-verde\/"]}]},{"@type":"ImageObject","inLanguage":"en-US","@id":"https:\/\/www.arketipomagazine.it\/en\/casa-dpoco-heim-balp-architekten-cabo-verde\/#primaryimage","url":"https:\/\/static.tecnichenuove.it\/arketipomagazine\/2021\/11\/160_210418_HBA-11.jpg","contentUrl":"https:\/\/static.tecnichenuove.it\/arketipomagazine\/2021\/11\/160_210418_HBA-11.jpg","width":1400,"height":933},{"@type":"BreadcrumbList","@id":"https:\/\/www.arketipomagazine.it\/en\/casa-dpoco-heim-balp-architekten-cabo-verde\/#breadcrumb","itemListElement":[{"@type":"ListItem","position":1,"name":"Home","item":"https:\/\/www.arketipomagazine.it\/en\/"},{"@type":"ListItem","position":2,"name":"Projects","item":"https:\/\/www.arketipomagazine.it\/en\/category\/projects\/"},{"@type":"ListItem","position":3,"name":"Casa d\u2019Po\u00e7o, Heim Balp Architekten, Cabo Verde"}]},{"@type":"WebSite","@id":"https:\/\/www.arketipomagazine.it\/#website","url":"https:\/\/www.arketipomagazine.it\/","name":"Arketipo","description":"Architecture and Engineering International Magazine","potentialAction":[{"@type":"SearchAction","target":{"@type":"EntryPoint","urlTemplate":"https:\/\/www.arketipomagazine.it\/?s={search_term_string}"},"query-input":{"@type":"PropertyValueSpecification","valueRequired":true,"valueName":"search_term_string"}}],"inLanguage":"en-US"},{"@type":"Person","@id":"https:\/\/www.arketipomagazine.it\/#\/schema\/person\/b9da7d735da19f022b20f015475756d8","name":"Chiara Scalco","image":{"@type":"ImageObject","inLanguage":"en-US","@id":"https:\/\/secure.gravatar.com\/avatar\/4996622122901d2b076f712417c9ca592a764d9f08567847a4f2c06e2e0e8bd0?s=96&d=mm&r=g","url":"https:\/\/secure.gravatar.com\/avatar\/4996622122901d2b076f712417c9ca592a764d9f08567847a4f2c06e2e0e8bd0?s=96&d=mm&r=g","contentUrl":"https:\/\/secure.gravatar.com\/avatar\/4996622122901d2b076f712417c9ca592a764d9f08567847a4f2c06e2e0e8bd0?s=96&d=mm&r=g","caption":"Chiara Scalco"},"url":"https:\/\/www.arketipomagazine.it\/en\/author\/cscalco\/"}]}},"_links":{"self":[{"href":"https:\/\/www.arketipomagazine.it\/en\/wp-json\/wp\/v2\/posts\/35889401","targetHints":{"allow":["GET"]}}],"collection":[{"href":"https:\/\/www.arketipomagazine.it\/en\/wp-json\/wp\/v2\/posts"}],"about":[{"href":"https:\/\/www.arketipomagazine.it\/en\/wp-json\/wp\/v2\/types\/post"}],"author":[{"embeddable":true,"href":"https:\/\/www.arketipomagazine.it\/en\/wp-json\/wp\/v2\/users\/807"}],"replies":[{"embeddable":true,"href":"https:\/\/www.arketipomagazine.it\/en\/wp-json\/wp\/v2\/comments?post=35889401"}],"version-history":[{"count":2,"href":"https:\/\/www.arketipomagazine.it\/en\/wp-json\/wp\/v2\/posts\/35889401\/revisions"}],"predecessor-version":[{"id":35889749,"href":"https:\/\/www.arketipomagazine.it\/en\/wp-json\/wp\/v2\/posts\/35889401\/revisions\/35889749"}],"wp:featuredmedia":[{"embeddable":true,"href":"https:\/\/www.arketipomagazine.it\/en\/wp-json\/wp\/v2\/media\/35889410"}],"wp:attachment":[{"href":"https:\/\/www.arketipomagazine.it\/en\/wp-json\/wp\/v2\/media?parent=35889401"}],"wp:term":[{"taxonomy":"category","embeddable":true,"href":"https:\/\/www.arketipomagazine.it\/en\/wp-json\/wp\/v2\/categories?post=35889401"},{"taxonomy":"post_tag","embeddable":true,"href":"https:\/\/www.arketipomagazine.it\/en\/wp-json\/wp\/v2\/tags?post=35889401"},{"taxonomy":"contenuto-extra","embeddable":true,"href":"https:\/\/www.arketipomagazine.it\/en\/wp-json\/wp\/v2\/contenuto-extra?post=35889401"}],"curies":[{"name":"wp","href":"https:\/\/api.w.org\/{rel}","templated":true}]}}